{"id":9710,"date":"2016-07-25T17:16:17","date_gmt":"2016-07-25T20:16:17","guid":{"rendered":"https:\/\/www.mcacanal.com\/2021\/el-poder-de-los-prejuicios-2\/"},"modified":"2016-07-25T17:16:17","modified_gmt":"2016-07-25T20:16:17","slug":"el-poder-de-los-prejuicios-2","status":"publish","type":"post","link":"https:\/\/www.mcacanal.com\/2021\/el-poder-de-los-prejuicios-2\/","title":{"rendered":"El poder de los prejuicios"},"content":{"rendered":"<p><img loading=\"lazy\" decoding=\"async\" class=\" size-full wp-image-9709\" src=\"https:\/\/www.mcacanal.com\/2021\/wp-content\/uploads\/2016\/07\/48d9183939c22aecd6e3100a88c4ac96.jpg\" alt=\"\" width=\"620\" height=\"400\" srcset=\"https:\/\/www.mcacanal.com\/2021\/wp-content\/uploads\/2016\/07\/48d9183939c22aecd6e3100a88c4ac96.jpg 620w, https:\/\/www.mcacanal.com\/2021\/wp-content\/uploads\/2016\/07\/48d9183939c22aecd6e3100a88c4ac96-300x194.jpg 300w\" sizes=\"(max-width: 620px) 100vw, 620px\" \/><\/p>\n<p><span style=\"font-size: 12.16px; line-height: 1.3em;\"><img decoding=\"async\" style=\"float: right; margin-left: 10px; margin-right: 10px;\" src=\"images\/stories\/fotos_caro\/julio_2016\/poder de\u00f1 prejuicio.jpg\" width=\"280\" align=\"right\" border=\"0\" \/>El cerebro es una m\u00e1quina extraordinaria que, sin embargo, no viene totalmente afinada a prueba de prejuicios. De hecho, se vale de los prejuicios para que su funcionamiento en t\u00e9rminos de gasto de energ\u00eda sea m\u00e1s econ\u00f3mico.<\/span><\/p>\n<p><span style=\"font-size: 12.16px; line-height: 1.3em;\">Aunque todav\u00eda conocemos poco acerca de la forma como opera este maravilloso \u00f3rgano, lo que s\u00ed ha podido comprobarse es que tiende a realizar sus procesos de pensamiento a veces de manera un tanto grueso o, como se dir\u00eda coloquialmente, chapucera. <\/span><\/p>\n<p>  <!--more-->  <\/p>\n<p>\u00a0<\/p>\n<p><span style=\"font-size: 12.16px; line-height: 1.3em;\">El cerebro generaliza para no tener que iniciar un nuevo proceso de reconocimiento cuando se encuentra frente a algo o alguien nuevo. Simplemente asocia lo desconocido con lo que ya conoce y de este modo puede pasar por alto todas las singularidades que lo definen. Ese es el esquema b\u00e1sico de los prejuicios: juzgar antes de conocer en detalle, ponerle etiquetas e incluirle de esta manera en grupos.<\/span><\/p>\n<p><em><span style=\"font-size: 12.16px; line-height: 1.3em;\">\u201cCuando estamos vac\u00edos de ego, nosotros tambi\u00e9n podemos aceptar tranquilamente los eventos variables de la vida. Cuando dejamos de hacer distinciones llenas de prejuicios \u2013 manso o \u00e1spero, bonito o feo, bueno o malo \u2013 una quietud pac\u00edfica permear\u00e1 nuestra mente\u201d. <\/span><span style=\"font-size: 12.16px; line-height: 1.3em;\">-Han Shan-<\/span><\/em><\/p>\n<p>Tambi\u00e9n ocurre que se aprenden muchas cosas por v\u00eda indirecta. Esto quiere decir que aunque nunca hayamos entrado en contacto directo con alguna realidad, nos formamos una idea de ella a partir de las ideas que otros han construido. Y si muchos est\u00e1n de acuerdo en lo mismo, es probable que jam\u00e1s nos demos a la tarea de comprobar si es cierto o no aquello en lo que creemos pero no hemos conocido jam\u00e1s.<\/p>\n<p><span style=\"font-size: 12.16px; line-height: 1.3em;\"><strong>Los prejuicios y las emociones<br \/><\/strong><\/span><span style=\"font-size: 12.16px; line-height: 1.3em;\">Uno de los grandes descubrimientos acerca de la mente humana es el hecho de que somos m\u00e1s \u201ccoraz\u00f3n\u201d que \u201ccerebro\u201d. Las emociones son las que finalmente dirigen nuestras vidas, aunque nos consideremos personas \u201ccerebrales\u201d. As\u00ed mismo, la conciencia es solo un peque\u00f1o componente de lo que somos. En realidad, el mundo del inconsciente es el que predomina y, por lo mismo, rara vez llegamos a darnos cuenta de ello.<\/span><\/p>\n<p><span style=\"font-size: 12.16px; line-height: 1.3em;\"><img decoding=\"async\" src=\"images\/stories\/fotos_caro\/julio_2016\/poder de\u00f1 prejuicio1.jpg\" width=\"400\" border=\"0\" \/><br \/><\/span><\/p>\n<p><span style=\"font-size: 12.16px; line-height: 1.3em;\">Todo parece indicar que pocas veces somos conscientes de las verdaderas razones que nos impulsan a actuar de un modo y no de otro. Sin embargo, como necesitamos darle una explicaci\u00f3n a lo que somos y a lo que hacemos, no es raro que nos \u201cinventemos\u201d razones para darle coherencia y sentido a nuestro comportamiento.<\/span><\/p>\n<p><span style=\"font-size: 12.16px; line-height: 1.3em;\">Ese tipo de explicaciones reciben el nombre de \u201cracionalizaciones\u201d, porque son una construcci\u00f3n mental que explica solamente lo m\u00e1s superficial de nuestros actos. Los verdaderos motivos de nuestras acciones suelen permanecer ocultos en el inconsciente.<\/span><\/p>\n<p><span style=\"font-size: 12.16px; line-height: 1.3em;\">Tanto el hecho de que las emociones predominen como el de que el inconsciente es una zona oculta conforman tambi\u00e9n el caldo de cultivo para los prejuicios. Para comprobarlo se han hecho muchos experimentos. Uno de ellos lo hizo recientemente la empresa Coca-Cola, en Espa\u00f1a. Se trataba de algo muy sencillo: simplemente present<a href=\"https:\/\/lamenteesmaravillosa.com\/\" target=\"_blank\" rel=\"noopener noreferrer\">#mce_temp_url#<\/a>aron las fotograf\u00edas de dos hombres y una mujer a varias personas. Luego les pidieron su opini\u00f3n sobre la impresi\u00f3n que les hab\u00edan causado.<\/span><\/p>\n<p><span style=\"font-size: 12.16px; line-height: 1.3em;\">El primero era un hombre negro con rastas; el segundo, un chico que vest\u00eda como punk y la tercera, una abuelita. Algunos participantes identificaron al hombre negro con un bailar\u00edn o un ladr\u00f3n. Al chico punk con un desempleado, aficionado al rock y probablemente peligroso. Y la abuelita fue vista como alguien dulce y vulnerable. La realidad es que el primero era un monitor infantil, el segundo, un experto en inform\u00e1tica y la tercera, una DJ.<\/span><\/p>\n<p><span style=\"font-size: 12.16px; line-height: 1.3em;\"><strong>Los prejuicios y la vida cotidiana<br \/><\/strong><\/span><span style=\"font-size: 12.16px; line-height: 1.3em;\">Organizamos casi toda nuestra vida cotidiana a partir de los prejuicios. En realidad, \u00bfte consta que lo mejor es dormir de noche y estar despierto en el d\u00eda, o lo has hecho as\u00ed siempre y nunca te has preguntado por qu\u00e9?, \u00bfrecuerdas qui\u00e9n te dijo que es mejor habitar en un lugar hecho de cemento y ladrillo, en lugar de vivir en una tienda al aire libre, o en un barco? \u00bfEst\u00e1s seguro de que est\u00e1s viviendo la vida que elegiste o podr\u00edas suponer que alguien la eligi\u00f3 por ti?<\/span><\/p>\n<p><span style=\"font-size: 12.16px; line-height: 1.3em;\"><img decoding=\"async\" src=\"images\/stories\/fotos_caro\/julio_2016\/poder de\u00f1 prejuicio2.jpg\" width=\"400\" border=\"0\" \/><br \/><\/span><\/p>\n<p><span style=\"font-size: 12.16px; line-height: 1.3em;\">Esos interrogantes tambi\u00e9n se pueden extender hacia todo y todos aquellos por quienes sentimos aversi\u00f3n. Las ratas, por ejemplo, son animales maravillosos, pero bastante calumniados. Son inteligentes, sociables y bastante limpias. S\u00ed: limpias.<\/span><\/p>\n<p><span style=\"font-size: 12.16px; line-height: 1.3em;\">Mucho m\u00e1s limpias que los perros o los gatos, porque llevan rituales de aseo muy estrictos, pese a que vivan muchas veces en ambientes sucios. Sin embargo, la mayor\u00eda de las personas piensan todo lo contrario: que son agresivas, sucias y poco compatibles con los seres humanos.<\/span><\/p>\n<p><span style=\"font-size: 12.16px; line-height: 1.3em;\">El poder de los prejuicios puede llegar a afectar hasta la percepci\u00f3n sensorial. Por ejemplo, en un experimento llevado a cabo en Londres, se le dio a un grupo de comensales un vino barato, mezclado con vinagre, pero se les dijo que era muy costoso y correspond\u00eda a una cosecha famosa. Al final, quienes lo probaron le dieron su visto bueno y alabaron el magn\u00edfico buqu\u00e9 de la bebida.<\/span><\/p>\n<p><span style=\"font-size: 12.16px; line-height: 1.3em;\">Todos estos datos, que parecen simplemente anecd\u00f3ticos, nos permiten darnos cuenta del enorme poder que tienen esos juicios previos, casi siempre, sin asidero en la realidad. \u00bfTe imaginas cu\u00e1nto nos estarnos perdiendo simplemente por no masticar y digerir eso que llamamos \u201cverdades\u201d?<\/span><\/p>\n<p><span style=\"font-size: 12.16px; line-height: 1.3em;\"><img decoding=\"async\" src=\"images\/stories\/fotos_caro\/julio_2016\/poder de\u00f1 prejuicio3.jpg\" width=\"400\" border=\"0\" \/><br \/><\/span><\/p>\n<p><span style=\"font-size: 12.16px; line-height: 1.3em;\">Fuente: <a href=\"http:\/\/www.lamenteesmaravillosa.com\" target=\"_blank\" rel=\"noopener noreferrer\">www.lamenteesmaravillosa.com<\/a><\/span><\/p>\n","protected":false},"excerpt":{"rendered":"<p>El cerebro es una m\u00e1quina extraordinaria que, sin embargo, no viene totalmente afinada a prueba [&hellip;]<\/p>\n","protected":false},"author":1303,"featured_media":9709,"comment_status":"open","ping_status":"closed","sticky":false,"template":"","format":"standard","meta":{"footnotes":""},"categories":[502],"tags":[],"class_list":["post-9710","post","type-post","status-publish","format-standard","has-post-thumbnail","hentry","category-desarrollo-evolutivo"],"_links":{"self":[{"href":"https:\/\/www.mcacanal.com\/2021\/wp-json\/wp\/v2\/posts\/9710"}],"collection":[{"href":"https:\/\/www.mcacanal.com\/2021\/wp-json\/wp\/v2\/posts"}],"about":[{"href":"https:\/\/www.mcacanal.com\/2021\/wp-json\/wp\/v2\/types\/post"}],"author":[{"embeddable":true,"href":"https:\/\/www.mcacanal.com\/2021\/wp-json\/wp\/v2\/users\/1303"}],"replies":[{"embeddable":true,"href":"https:\/\/www.mcacanal.com\/2021\/wp-json\/wp\/v2\/comments?post=9710"}],"version-history":[{"count":0,"href":"https:\/\/www.mcacanal.com\/2021\/wp-json\/wp\/v2\/posts\/9710\/revisions"}],"wp:featuredmedia":[{"embeddable":true,"href":"https:\/\/www.mcacanal.com\/2021\/wp-json\/wp\/v2\/media\/9709"}],"wp:attachment":[{"href":"https:\/\/www.mcacanal.com\/2021\/wp-json\/wp\/v2\/media?parent=9710"}],"wp:term":[{"taxonomy":"category","embeddable":true,"href":"https:\/\/www.mcacanal.com\/2021\/wp-json\/wp\/v2\/categories?post=9710"},{"taxonomy":"post_tag","embeddable":true,"href":"https:\/\/www.mcacanal.com\/2021\/wp-json\/wp\/v2\/tags?post=9710"}],"curies":[{"name":"wp","href":"https:\/\/api.w.org\/{rel}","templated":true}]}}