{"id":14310,"date":"2020-04-02T17:07:44","date_gmt":"2020-04-02T20:07:44","guid":{"rendered":"https:\/\/www.mcacanal.com\/2021\/a-proposito-de-la-crisis-del-coronavirus-esta-vez-si-no-vamos-a-olvidar-por-federico-mayor-zaragoza\/"},"modified":"2020-04-02T17:07:44","modified_gmt":"2020-04-02T20:07:44","slug":"a-proposito-de-la-crisis-del-coronavirus-esta-vez-si-no-vamos-a-olvidar-por-federico-mayor-zaragoza","status":"publish","type":"post","link":"https:\/\/www.mcacanal.com\/2021\/a-proposito-de-la-crisis-del-coronavirus-esta-vez-si-no-vamos-a-olvidar-por-federico-mayor-zaragoza\/","title":{"rendered":"A\u00a0 prop\u00f3sito de la crisis del coronavirus: esta vez s\u00ed, no vamos a olvidar por Federico Mayor Zaragoza"},"content":{"rendered":"<p><img loading=\"lazy\" decoding=\"async\" class=\" size-full wp-image-14309\" src=\"https:\/\/www.mcacanal.com\/2021\/wp-content\/uploads\/2020\/04\/4cfc0d5cc2de240d3b8942a1588d709e.jpg\" alt=\"\" width=\"275\" height=\"183\" \/><\/p>\n<p>\u00a0<\/p>\n<p>\u00a0<\/p>\n<p>\u00a0\u201cPronto dejamos de recordar \u00a0lo que era inolvidable\u201d.<\/p>\n<p>(Parafraseando a Borges).<\/p>\n<p>\u00a0<\/p>\n<p>Hasta ahora, una vez pasadas las primeras reacciones humanitarias a las tragedias, la humanidad ha olvidado y ha seguido las pautas y el ritmo cotidiano sin tener ya en cuenta las inmensas heridas sin resta\u00f1ar. Un ejemplo todav\u00eda reciente es el de Hait\u00ed. Inmediatamente despu\u00e9s del terremoto -el d\u00eda 14 de enero de 2010- escrib\u00ed al final del art\u00edculo \u201cA vuela pluma: Hait\u00ed\u201d, lo siguiente: \u201cLos l\u00edderes deben saber que la sociedad civil tendr\u00e1, por fin, voz, sobre todo en el ciberespacio, y la elevar\u00e1 progresivamente. Que podremos mirar a los ojos de los supervivientes y decirles: el tiempo de la insolidaridad y del olvido, el tiempo del desamor, ha terminado\u201d.<\/p>\n<p>En varias ocasiones despu\u00e9s un\u00ed mi voz a la de Borges que repet\u00eda en sus vi\u00f1etas \u201cY no te olvides de Hait\u00ed\u201d.\u00a0 \u201cHace bien en insistir, dije, porque nos recuerda la velocidad con que nos olvidamos del tsunami de diciembre del a\u00f1o 2005; de los terremotos de Per\u00fa, de China\u2026 y Darfur\u2026 y de los acontecimientos que hace tan s\u00f3lo tres lustros asolaron Hait\u00ed\u201d.\u00a0 All\u00ed estuve y escrib\u00ed: \u201cSe fueron los \u00faltimos \/ soldados \/ y estall\u00f3 la paz \/ en vuestra vida, \/ sin reporteros \/ que filmen \/ c\u00f3mo se vive y muere cada d\u00eda\u2026 \/ Ya no morir\u00e9is \/ de bala y fuego. \/ De\u00a0 olvido \/ volver\u00e9is a moriros. \/ Como siempre\u201d.<\/p>\n<p>En un mundo armado hasta los dientes pero incapaz de disponer de la tecnolog\u00eda y el personal capacitado para hacer frente a las cat\u00e1strofes naturales, mediante una gran acci\u00f3n conjunta coordinada por las Naciones Unidas\u2026 todo sigue igual. Debemos movilizarnos contra este curso aparentemente inexorable de los acontecimientos, para que los gobernantes adviertan que ha llegado el momento inaplazable de poner en marcha un desarrollo global sostenible en lugar de la actual econom\u00eda de especulaci\u00f3n y guerra\u2026 Desplazando de una vez a los grupos plutocr\u00e1ticos en cuyas manos se han puesto, irresponsablemente, las riendas del destino com\u00fan.<\/p>\n<p>100.000 edificios destruidos, m\u00e1s de un mill\u00f3n de desplazados, 150.000 enfermos de c\u00f3lera con m\u00e1s de 3.500 muertos que se a\u00f1ad\u00edan a las casi 300.000 v\u00edctimas del se\u00edsmo. Se pens\u00f3, con toda la raz\u00f3n, que no quedar\u00edan deso\u00eddos sus gritos de ayuda\u2026 pero las Naciones Unidas marginadas y gobernado el mundo por los m\u00e1s pr\u00f3speros y poderosos, pronto qued\u00f3 muy reducido el apoyo internacional y casi olvidada la gran tragedia sufrida. Las manos que ten\u00edan que estar tendidas se hallaban armadas y alzadas. Y la inmensa mayor\u00eda distra\u00eddos, sin recordar que a todos nos corresponde plantar semillas de amor y de justicia.<\/p>\n<p>Este mismo a\u00f1o de 2020, el 12 de enero, justo a los diez a\u00f1os de la cat\u00e1strofe, \u201cEl Pa\u00eds\u201d publicaba un art\u00edculo de Jacobo Garc\u00eda titulado \u201cLecciones de Hait\u00ed\u201d, del que extraigo unos p\u00e1rrafos: \u201c\u2026En pocas horas, el aeropuerto de Puerto Pr\u00edncipe se qued\u00f3 peque\u00f1o para recibir docenas de aviones con alimentos, tiendas de campa\u00f1a y bomberos\u2026 El Presidente Bill Clinton organiz\u00f3 en Montreal una conferencia de donantes y ONGs de todo el mundo acudieron\u2026 Una d\u00e9cada despu\u00e9s, la hambruna se extiende en un pa\u00eds donde 1.2 millones de habitantes viven en situaci\u00f3n de emergencia alimentaria\u2026 El 60% de la ayuda financiera y aprobada nunca lleg\u00f3 a Hait\u00ed\u201d. A pesar de los esfuerzos extraordinarios de las Naciones Unidas y de la Cruz Roja la vulnerabilidad de Hait\u00ed sigue sin aminorarse. Sus \u201clecciones\u201d no se aplican.<\/p>\n<p>En consecuencia, constituye una aut\u00e9ntica exigencia \u00e9tica que no suceda lo mismo con las \u201clecciones del coronavirus\u201d. Es imperativo que los ciudadanos del mundo -frente a amenazas globales no caben distintivos individuales- dejen de ser espectadores abducidos y anonadados para convertirse en actores decididos para que no se olvide, una vez m\u00e1s, lo que debe ser inolvidado: que los \u00edndices de bienestar se miden en t\u00e9rminos de salud y participaci\u00f3n, de calidad de vida y creatividad, y no por el PIB, que refleja exclusivamente crecimiento econ\u00f3mico, siempre mal repartido; que es apremiante un nuevo concepto de seguridad que no s\u00f3lo atienda a la defensa territorial sino a los seres humanos que los habitan, asegurando su alimentaci\u00f3n, agua potable, salud, cuidado del medio ambiente, educaci\u00f3n; la inmediata eliminaci\u00f3n de la gobernanza por los grupos plutocr\u00e1ticos y el establecimiento de un eficiente multilateralismo democr\u00e1tico; la puesta en pr\u00e1ctica, resueltamente, de la Agenda 2030 (ODS) y de los Acuerdos de Par\u00eds sobre Cambio Clim\u00e1tico, teniendo en cuenta, en particular, los procesos irreversibles.<\/p>\n<p>En plena crisis v\u00edrica tengamos en cuenta -para que las lecciones sean realmente aprendidas y aplicadas en todo el mundo- la situaci\u00f3n en pa\u00edses que siempre quedan fuera del punto de mira de los \u201cgrandes\u201d , como la plaga de langostas que hoy mismo causa estragos en Kenia, Etiop\u00eda y Somalia; las v\u00edctimas del sida y del dengue; y las v\u00edctimas de la creciente insolidaridad internacional con las personas refugiadas y migrantes.<\/p>\n<p>\u00a0<\/p>\n<p>En resumen: ahora s\u00ed, ahora s\u00ed que ya tenemos voz por primera vez en la historia, \u201cNosotros, los pueblos\u201d vamos a recordar las lecciones de Hait\u00ed y las del coronavirus para iniciar a escala global una nueva era con otro comportamiento personal y colectivo de tal manera que todos y no s\u00f3lo unos cuantos disfruten de la vida digna que les corresponde.<\/p>\n<p>\u00a0<\/p>\n<p>POR FEDERICO MAYOR ZARAGOZA<\/p>\n<p>Fuente:\u00a0<a href=\"https:\/\/annafores.wordpress.com\/page\/2\/\">https:\/\/annafores.wordpress.com\/<\/a><\/p>\n<p>\u00a0<\/p>\n<p>\u00a0<\/p>\n","protected":false},"excerpt":{"rendered":"<p>\u00a0 \u00a0 \u00a0\u201cPronto dejamos de recordar \u00a0lo que era inolvidable\u201d. (Parafraseando a Borges). \u00a0 Hasta [&hellip;]<\/p>\n","protected":false},"author":7,"featured_media":14309,"comment_status":"open","ping_status":"closed","sticky":false,"template":"","format":"standard","meta":{"footnotes":""},"categories":[498],"tags":[],"class_list":["post-14310","post","type-post","status-publish","format-standard","has-post-thumbnail","hentry","category-neurociencias"],"_links":{"self":[{"href":"https:\/\/www.mcacanal.com\/2021\/wp-json\/wp\/v2\/posts\/14310"}],"collection":[{"href":"https:\/\/www.mcacanal.com\/2021\/wp-json\/wp\/v2\/posts"}],"about":[{"href":"https:\/\/www.mcacanal.com\/2021\/wp-json\/wp\/v2\/types\/post"}],"author":[{"embeddable":true,"href":"https:\/\/www.mcacanal.com\/2021\/wp-json\/wp\/v2\/users\/7"}],"replies":[{"embeddable":true,"href":"https:\/\/www.mcacanal.com\/2021\/wp-json\/wp\/v2\/comments?post=14310"}],"version-history":[{"count":0,"href":"https:\/\/www.mcacanal.com\/2021\/wp-json\/wp\/v2\/posts\/14310\/revisions"}],"wp:featuredmedia":[{"embeddable":true,"href":"https:\/\/www.mcacanal.com\/2021\/wp-json\/wp\/v2\/media\/14309"}],"wp:attachment":[{"href":"https:\/\/www.mcacanal.com\/2021\/wp-json\/wp\/v2\/media?parent=14310"}],"wp:term":[{"taxonomy":"category","embeddable":true,"href":"https:\/\/www.mcacanal.com\/2021\/wp-json\/wp\/v2\/categories?post=14310"},{"taxonomy":"post_tag","embeddable":true,"href":"https:\/\/www.mcacanal.com\/2021\/wp-json\/wp\/v2\/tags?post=14310"}],"curies":[{"name":"wp","href":"https:\/\/api.w.org\/{rel}","templated":true}]}}