{"id":11638,"date":"2012-09-03T23:55:21","date_gmt":"2012-09-04T02:55:21","guid":{"rendered":"https:\/\/www.mcacanal.com\/2021\/premio-mca-festival-a-coco-legrand-2\/"},"modified":"2012-09-03T23:55:21","modified_gmt":"2012-09-04T02:55:21","slug":"premio-mca-festival-a-coco-legrand-2","status":"publish","type":"post","link":"https:\/\/www.mcacanal.com\/2021\/premio-mca-festival-a-coco-legrand-2\/","title":{"rendered":"Premio MCA Festival a Coco Legrand"},"content":{"rendered":"<p><img loading=\"lazy\" decoding=\"async\" class=\" size-full wp-image-11637\" src=\"https:\/\/www.mcacanal.com\/2021\/wp-content\/uploads\/2012\/09\/6fae89694a205a552b9b74e5dcc49294.jpg\" alt=\"\" width=\"143\" height=\"180\" \/><\/p>\n<h4 align=\"justify\">Distinguen a Coco Legrand con el \u201cPremio MCA Festival\u201d<\/h4>\n<p align=\"justify\">El destacado humorista nacional recibir\u00e1 el reconocimiento el pr\u00f3ximo s\u00e1bado 8 de septiembre en el Centro Cultural Estaci\u00f3n Mapocho, por su aporte a la construcci\u00f3n de un Chile m\u00e1s humano.<\/p>\n<p align=\"justify\">Alejandro Javier Gonz\u00e1lez Legrand m\u00e1s conocido como Coco Legrand, ser\u00e1 distinguido p\u00fablicamente el pr\u00f3ximo s\u00e1bado 8 de septiembre con el Premio MCA Festival, en el Centro Cultural Estaci\u00f3n Mapocho. Esta distinci\u00f3n le ser\u00e1 otorgada por su inmenso aporte a la construcci\u00f3n de un Chile m\u00e1s Humano.<br \/>El humorista participar\u00e1 en MCA junto a Jaime de Casacuberta en un entretenido di\u00e1logo denominado: \u201cEl Humor como Armonizador Social y Generador de Bienestar\u201d, el s\u00e1bado entre 18:00 y 19:00 horas. Esta actividad\u00a0 forma parte del programa del gran programa de Actividades , de MCA Festival, el mega evento que se realiza por primera vez en el pa\u00eds (7,8 y 9 de septiembre), reuniendo una enorme cantidad de disciplinas enfocadas en el desarrollo de la Mente, el Cuerpo y el Alma (MCA).}<\/p>\n<p>  <!--more-->  <\/p>\n<p align=\"justify\">Los organizadores destacan el papel de Coco Legrand, a quien califican como el humorista m\u00e1s connotado del pa\u00eds. Edgardo Vogel, Director Ejecutivo de Exhibits, la empresa organizadora sostiene que \u201cCoco ha sabido transmitirnos permanentemente la importancia de no ser tan graves y la necesidad de empaparnos de humor para hacernos m\u00e1s humanos.\u00a0 Ha sabido rescatar la dignidad del pueblo, representando experiencias cotidianas que permiten resaltar rasgos sicol\u00f3gicos t\u00edpicos de la sociedad, satiriz\u00e1ndolos y redescubriendo de este modo el perfil del ciudadano chileno promedio. De alguna manera, todos nos hemos sentido cercanos a sus personajes. A trav\u00e9s de su agudeza permanente, Coco Legrand ha sabido c\u00f3mo mostrarnos a los chilenos con nuestras virtudes y especialmente, nuestros defectos, lo que nos permite asumirnos e ir mejorando\u00a0 como personas.\u201d<br \/>Dilatada Trayectoria Profesional<br \/>Coco Legrand (65) trabaj\u00f3 dos a\u00f1os como humorista de la Compa\u00f1\u00eda de Revistas Bim-Bam-Bum, antes de saltar al estrellado en el Festival de Vi\u00f1a del Mar en 1972. El \u201clolo Palanca\u201d\u00a0 que representaba el humor de los adolescentes hippies de la \u00e9poca; y el &#8220;Cuesco Cabrera&#8221;, que vio la luz en 1978, y que personificaba a un ejecutivo joven, formado en Chicago, arquetipo del despegue econ\u00f3mico, marcaron el \u00e9xito de Legrand, el cual ha servido de inspiraci\u00f3n a comediantes y humoristas en las d\u00e9cadas siguientes.<\/p>\n<p align=\"justify\">En 1990 establece su propio teatro &#8220;CIRCUS OK&#8221;, en cual ha mantenido una permanente presencia en cartelera. A trav\u00e9s del montaje de diversas obras ha recorrido el pa\u00eds y el extranjero, cosechando aplausos de manera incesante.<br \/>El a\u00f1o 2000 fue su consagraci\u00f3n en el Festival de Vi\u00f1a del Mar. El humorista recibe Gaviotas de Oro y Plata, realizando una exitosa presentaci\u00f3n; y en 2006 sube por quinta vez en su carrera a la Quinta Vergara. Durante una hora y veinte minutos se gana la ovaci\u00f3n del p\u00fablico y suma un nuevo \u00e9xito art\u00edstico a su destacada trayectoria como humorista. Ese a\u00f1o adem\u00e1s, recibe la Medalla al M\u00e9rito Profesor Pedro de la Barra, que le otorga la Universidad de Chile por su contribuci\u00f3n a la creaci\u00f3n, promoci\u00f3n, est\u00edmulo y difusi\u00f3n de la Cultura.<\/p>\n<p align=\"justify\">Uno de los a\u00f1os m\u00e1s fruct\u00edferos de su carrera fue 2007. Estrena su espect\u00e1culo &#8220;Los Coquitos Dicen&#8230;&#8221;, donde comparte roles con su hijo Mat\u00edas Gonz\u00e1lez. Lanza el libro &#8220;Con el Coco en el Div\u00e1n&#8221;, el que escribe junto a la sic\u00f3loga Pilar Sordo; y la Cuarta Edici\u00f3n del libro &#8220;Mas All\u00e1 del Humor\u201d; y encarna al carcelero, en la \u00f3pera \u201cEl Murci\u00e9lago\u201d que se estrena en el Teatro Municipal de Santiago. La cr\u00edtica lo alaba por su versatilidad.<br \/>En 2008 se estrena &#8220;Lokas&#8221;, la primera incursi\u00f3n de &#8220;Coco&#8221; en el cine chileno donde es dirigido por el destacado cineasta Gonzalo Justiniano y donde comparte el rol protag\u00f3nico con el actor Rodrigo Bastidas, uno de los autores de la cinta. Esta fue la primera incursi\u00f3n suya en cine chileno luego de poner su voz para el protagonista de la pel\u00edcula animada \u201cCesante\u201d.<\/p>\n<p align=\"justify\">En Agosto del 2009 el Mag\u00edster en Direcci\u00f3n Teatral, de la Universidad de Chile, organiza la novena edici\u00f3n del Festival de Direcci\u00f3n Teatral honrando p\u00fablicamente la contribuci\u00f3n a las artes esc\u00e9nicas de Coco Legrand.<br \/>Su \u00faltimas presentaciones han sido el espect\u00e1culo \u201cLos Coquitos Dicen\u201d, junto a su hijo Mat\u00edas Gonz\u00e1lez; y \u201cTerr\u00edcolas, Corruptos Pero Organizados\u201d, que marc\u00f3 el regreso al humor pol\u00edtico de Coco Legrand, entre otras actividades art\u00edsticas.<\/p>\n","protected":false},"excerpt":{"rendered":"<p>Distinguen a Coco Legrand con el \u201cPremio MCA Festival\u201d El destacado humorista nacional recibir\u00e1 el [&hellip;]<\/p>\n","protected":false},"author":1303,"featured_media":11637,"comment_status":"open","ping_status":"closed","sticky":false,"template":"","format":"standard","meta":{"footnotes":""},"categories":[461],"tags":[],"class_list":["post-11638","post","type-post","status-publish","format-standard","has-post-thumbnail","hentry","category-general"],"_links":{"self":[{"href":"https:\/\/www.mcacanal.com\/2021\/wp-json\/wp\/v2\/posts\/11638"}],"collection":[{"href":"https:\/\/www.mcacanal.com\/2021\/wp-json\/wp\/v2\/posts"}],"about":[{"href":"https:\/\/www.mcacanal.com\/2021\/wp-json\/wp\/v2\/types\/post"}],"author":[{"embeddable":true,"href":"https:\/\/www.mcacanal.com\/2021\/wp-json\/wp\/v2\/users\/1303"}],"replies":[{"embeddable":true,"href":"https:\/\/www.mcacanal.com\/2021\/wp-json\/wp\/v2\/comments?post=11638"}],"version-history":[{"count":0,"href":"https:\/\/www.mcacanal.com\/2021\/wp-json\/wp\/v2\/posts\/11638\/revisions"}],"wp:featuredmedia":[{"embeddable":true,"href":"https:\/\/www.mcacanal.com\/2021\/wp-json\/wp\/v2\/media\/11637"}],"wp:attachment":[{"href":"https:\/\/www.mcacanal.com\/2021\/wp-json\/wp\/v2\/media?parent=11638"}],"wp:term":[{"taxonomy":"category","embeddable":true,"href":"https:\/\/www.mcacanal.com\/2021\/wp-json\/wp\/v2\/categories?post=11638"},{"taxonomy":"post_tag","embeddable":true,"href":"https:\/\/www.mcacanal.com\/2021\/wp-json\/wp\/v2\/tags?post=11638"}],"curies":[{"name":"wp","href":"https:\/\/api.w.org\/{rel}","templated":true}]}}